{"id":839,"date":"2012-02-29T19:37:26","date_gmt":"2012-02-29T19:37:26","guid":{"rendered":"http:\/\/www.clementcombes.com\/?p=839"},"modified":"2019-11-04T23:03:07","modified_gmt":"2019-11-04T23:03:07","slug":"interview-photo-de-johana-marchand","status":"publish","type":"post","link":"https:\/\/www.clementcombes.com\/blog\/interview-photo-de-johana-marchand\/","title":{"rendered":"Interview photo de Johana Marchand"},"content":{"rendered":"<p>Aujourd&rsquo;hui, nous faisons la connaissance de Johana Marchand, photographe dans le sud-est de la France.<\/p>\n<p><strong>Hello Johana, merci de m&rsquo;accorder cette interview. Peux-tu te pr\u00e9senter \u00e0 nos lecteurs en quelques mots ?<\/strong><\/p>\n<p style=\"text-align: justify;\">Salut Cl\u00e9ment ! J\u2019ai bient\u00f4t 21ans, je suis \u00e9tudiante en premi\u00e8re ann\u00e9e de kin\u00e9 sur Marseille et j\u2019habite pr\u00e8s de Toulon.<\/p>\n<p><img loading=\"lazy\" decoding=\"async\" class=\"size-full wp-image-1805 alignnone\" title=\"IMG_6699\" src=\"https:\/\/www.clementcombes.com\/blog\/wp-content\/uploads\/IMG_6699.jpg\" alt=\"\" width=\"800\" height=\"533\" \/><\/p>\n<p><strong>Comment as-tu commenc\u00e9 \u00e0 t\u2019int\u00e9resser \u00e0 la photo ?<\/strong><\/p>\n<p style=\"text-align: justify;\">J\u2019ai toujours \u00e9t\u00e9 int\u00e9ress\u00e9e de pr\u00e8s ou de loin \u00e0 la photo, et \u00e0 l\u2019art en plus g\u00e9n\u00e9ral (dessin, peinture\u2026). D\u00e8s mes 13 ans, j\u2019ai eu comme toutes les filles de ma g\u00e9n\u00e9ration, un blog rempli de textes d\u00e9coratifs et d&rsquo;images. De l\u00e0, j\u2019ai commenc\u00e9 les \u00ab autoportraits \u00bb et j\u2019ai d\u00e9couvert Photofiltre. Dans ma t\u00eate a commenc\u00e9 \u00e0 murir l\u2019id\u00e9e d\u2019avoir un r\u00e9flex\u2026<\/p>\n<p style=\"text-align: justify;\">L\u2019ann\u00e9e de mon bac, en 2009, j\u2019ai effectu\u00e9 un stage aux beaux arts de Toulon, et j\u2019y ai r\u00e9cup\u00e9r\u00e9 Photoshop CS3, que j\u2019ai pu commencer \u00e0 apprivoiser en quelques mois \u00e0 coup de tutoriaux provenant d&rsquo;internet uniquement. 2 mois apr\u00e8s, je suis parti \u00e0 New York avec le lyc\u00e9e, et on peut dire que \u00e7a a \u00e9t\u00e9 LA r\u00e9v\u00e9lation. J\u2019ai ressenti une immense frustration de ne pas avoir pu immortaliser ce que mes yeux ont pu y voir. L\u2019envie du reflex \u00e9tait de plus en plus pressante.<\/p>\n<p style=\"text-align: justify;\">L\u2019\u00e9t\u00e9 suivant, j\u2019ai sympathis\u00e9 avec un photographe amateur ayant du bon mat\u00e9riel et on a fini par s\u2019associer le temps de l\u2019\u00e9t\u00e9. Il faisait les photos et je m&rsquo;occupais des retouches. Mais au bout de quelques temps, mes envies et mes id\u00e9es divergeaient des siennes, et ma sensibilit\u00e9 ne collait plus du tout \u00e0 ses photos. Un an apr\u00e8s, apr\u00e8s ma 1\u00e8re premi\u00e8re ann\u00e9e de m\u00e9decine (P1), mes parents m&rsquo;ont offert mon r\u00e9flex ! Par manque de chance, je n\u2019ai pas pu beaucoup m\u2019en servir: il fallait se consacrer \u00e0 cette foutue P1, que j\u2019ai eu \u00e0 la fin de l\u2019ann\u00e9e heureusement !<\/p>\n<p><img loading=\"lazy\" decoding=\"async\" class=\"size-full wp-image-1806 alignnone\" title=\"IMG_3514\" src=\"https:\/\/www.clementcombes.com\/blog\/wp-content\/uploads\/IMG_3514.jpg\" alt=\"\" width=\"800\" height=\"533\" \/><\/p>\n<p><strong>Quelles sont tes relations avez tes mod\u00e8les ? Influencent-ils ta vision de la photo ?<\/strong><\/p>\n<p style=\"text-align: justify;\">Pour moi, il y a plusieurs mots d\u2019ordre essentiels pendant un shoot : d\u00e9contraction, humour, plaisir, complicit\u00e9 et <em>CONFIANCE<\/em>. On est l\u00e0 pour s\u2019amuser, et pas pour faire la couv&rsquo; du prochain Vogue, donc pas de prise de t\u00eate. Certaines s\u00e9ances n\u00e9cessitent une grosse pr\u00e9paration au pr\u00e9alable, \u00e7a me permet aussi de me rendre compte de l\u2019investissement du mod\u00e8le&#8230; Mais je n\u2019ai jamais eu de d\u00e9ception jusqu&rsquo;\u00e0 pr\u00e9sent, et je touche du bois ! Je garde de bons liens avec mes mod\u00e8les, j\u2019y ai parfois d\u00e9couvert de nouvelles amies !<\/p>\n<p style=\"text-align: justify;\">Pour ce qui est de ma vision de la photo, si influence il y a, je ne m\u2019en rends pas compte, \u00e7a doit surement \u00eatre inconscient, de fa\u00e7on \u00e0 m\u2019adapter \u00e0 la personnalit\u00e9 du mod\u00e8le. On ne shoot pas une exp\u00e9riment\u00e9e et une novice de la m\u00eame mani\u00e8re&#8230;<\/p>\n<p><img loading=\"lazy\" decoding=\"async\" class=\"size-full wp-image-1807 alignnone\" title=\"IMG_7327\" src=\"https:\/\/www.clementcombes.com\/blog\/wp-content\/uploads\/IMG_7327.jpg\" alt=\"\" width=\"800\" height=\"533\" \/><\/p>\n<p><strong>Parlons un peu technique, qu\u2019utilises tu comme mat\u00e9riel photo ?<\/strong><\/p>\n<p style=\"text-align: justify;\">J\u2019ai un Canon 550D, un 18-270mm qui prend la poussi\u00e8re de plus en plus, et un 50mm F 1.8. J&rsquo;ai d&rsquo;ailleurs une anecdote \u00e0 ce sujet: ce 50mm a un d\u00e9faut dont pourront t\u00e9moigner toutes mes mod\u00e8les, il me fait du front focus ! Donc je suis oblig\u00e9e de prendre 10photos pour en avoir une nette&#8230; \u00c7a me vaut une bonne poign\u00e9e de cheveux arrach\u00e9s sur certaines prises de vues !<\/p>\n<p><img loading=\"lazy\" decoding=\"async\" class=\"size-full wp-image-1808 alignnone\" title=\"IMG_1586\" src=\"https:\/\/www.clementcombes.com\/blog\/wp-content\/uploads\/IMG_1586.jpg\" alt=\"\" width=\"800\" height=\"533\" \/><\/p>\n<p><strong>Revenons maintenant sur ton travail : comment te viennent les id\u00e9es de tes mises en sc\u00e8nes ?<\/strong><\/p>\n<p style=\"text-align: justify;\">Je visionne \u00e9norm\u00e9ment de photographies sur Facebook ou sur le site <a href=\"https:\/\/www.book.fr\/\" target=\"_blank\" rel=\"noopener noreferrer\">Book.fr<\/a>. Il suffit d\u2019un traitement, un lieu, un(e) mod\u00e8le, un stylisme ou une ambiance pour me donner une id\u00e9e \u00e0 d\u00e9velopper. En voiture aussi, vu que j\u2019ai pas encore le permis, \u00e7a me permet de lever les yeux pour regarder ce que j\u2019ai pr\u00e8s de chez moi. Avec un zeste de culot, on arrive parfois \u00e0 d\u00e9marcher des endroits insolites ! En ce moment, il y a un clip, une pub et un film qui m\u2019inspirent pour 3 projets qui murissent dans ma t\u00eate. Mais je ne t&rsquo;en dis pas plus pour le moment, \u00e7a reste secret ! \ud83d\ude42<\/p>\n<p><strong>En observant tes photos, on remarque que ton travail est diversifi\u00e9. Dans quel style photographique te sens-tu le plus \u00e0 l\u2019aise ?<\/strong><\/p>\n<p style=\"text-align: justify;\">J\u2019aime \u00e9norm\u00e9ment le portrait. J\u2019affectionne aussi \u00e9norm\u00e9ment les s\u00e9ances grossesse et b\u00e9b\u00e9, ce sont de supers moments, surtout quand on imagine le bonheur des parents en d\u00e9couvrant une nouvelle photo de leur prog\u00e9niture. Le retour est diff\u00e9rent d\u2019un mod\u00e8le \u00ab classique \u00bb et \u00e7a me touche \u00e9norm\u00e9ment.<\/p>\n<p style=\"text-align: justify;\">Apr\u00e8s je ne peux pas dire le contraire, la lingerie, j\u2019aime \u00e9norm\u00e9ment et j\u2019ai encore beaucoup d\u2019envies et de lieux \u00e0 exploiter ! Pour ce qui est des hommes, je n\u2019en fais plus pour des raisons personnelles. Mais oui, on peut dire que j&rsquo;aime pas mal de choses \ud83d\ude42<\/p>\n<p><img loading=\"lazy\" decoding=\"async\" class=\"alignnone wp-image-1813 size-full\" title=\"IMG_5775\" src=\"https:\/\/www.clementcombes.com\/blog\/wp-content\/uploads\/IMG_5775.jpg\" alt=\"Un des styles pr\u00e9f\u00e9r\u00e9s de Johana Marchand : le portrait\" width=\"800\" height=\"533\" \/><\/p>\n<p><strong>Quel est ton plus beau souvenir en photo\u00a0?<\/strong><\/p>\n<p style=\"text-align: justify;\">Il y en a tellement ! Je vais plut\u00f4t parler d\u2019un medley de petits moments\u2026 Le courage des filles qui posent d\u00e9nud\u00e9es devant la foule, qui se mettent \u00e0 l\u2019eau malgr\u00e9 les serpents (que je n\u2019avais pas vu !) et le froid, qui se changent \u00e0 la vue de tout le monde, qui grimpent je ne sais o\u00f9 pour assouvir mes folles envies, le bonheur de d\u00e9couvrir un lieu et ne m\u00eame pas pouvoir r\u00e9ussir \u00e0 parler tellement les id\u00e9es fusent dans ma t\u00eate, les fous rires, les petits accidents des s\u00e9ances b\u00e9b\u00e9s\u2026 Et j\u2019esp\u00e8re n\u2019\u00eatre qu\u2019au d\u00e9but de mes meilleurs moments\u00a0! A suivre notamment, le tour de France de la photo 2012 qui s\u2019arr\u00eate a Arles\u00a0!<\/p>\n<p><strong>Si je te parle du futur, tu penses \u00e0 quoi ?<\/strong><\/p>\n<p style=\"text-align: justify;\">Je pense \u00e0 r\u00e9ussir mes \u00e9tudes avant tout, c\u2019est quand m\u00eame le plus important. Pour le moment, j\u2019ai rel\u00e2ch\u00e9 la pression, pour me consacrer \u00e0 mes photos, \u00e0 tel point que j\u2019ai d\u00fb organiser la r\u00e9vision de mes partiels la veille, avec double dose de Guronsan et nuit blanche ! Pas terrible.<\/p>\n<p style=\"text-align: justify;\">Dans un second temps, repasser ce fichu permis, et \u00e9videmment arriver \u00e0 d\u00e9marcher les lieux et les mod\u00e8les qui me font r\u00eaver pour pouvoir barrer les id\u00e9es de mon petit carnet d\u2019inspiration et de ma banque d\u2019images !<\/p>\n<p style=\"text-align: justify;\">Et pour un futur un peu plus lointain, avant m\u00eame de r\u00e9ussir \u00e0 rentrer dans mon \u00e9cole de kin\u00e9, j\u2019avais en t\u00eate de transformer ma future salle d\u2019attente en \u00ab expo permanente \u00bb avec des photos en rapport avec le sport, le soin, le bien-\u00eatre, la r\u00e9\u00e9ducation\u2026 tout ce qui est en lien avec la kin\u00e9sith\u00e9rapie en somme !<\/p>\n<p><img loading=\"lazy\" decoding=\"async\" class=\"size-full wp-image-1814 alignnone\" title=\"IMG_9005\" src=\"https:\/\/www.clementcombes.com\/blog\/wp-content\/uploads\/IMG_9005.jpg\" alt=\"\" width=\"800\" height=\"1200\" \/><\/p>\n<p style=\"text-align: justify;\"><em>Toutes les photos sont la propri\u00e9t\u00e9 de \u00a9 Johana Marchand. <\/em><em>Pour d\u00e9couvrir son travail, voici sa <a href=\"https:\/\/500px.com\/johanamarchandphotographies\" target=\"_blank\" rel=\"noopener noreferrer\">page 500px<\/a>. <\/em><\/p>\n<p style=\"text-align: justify;\"><em>Encore merci \u00e0 Johana Marchand pour sa disponibilit\u00e9 et sa gentillesse dans le cadre de cette interview \ud83d\ude42 Si vous souhaitez lire d&rsquo;autres interviews ou articles sur la photographie, c&rsquo;est <a href=\"https:\/\/www.clementcombes.com\/blog\/category\/photographie\/\">par ici<\/a> !<\/em><\/p>\n","protected":false},"excerpt":{"rendered":"<p>Aujourd&rsquo;hui, nous faisons la connaissance de Johana Marchand, photographe dans le sud-est de la France. Hello Johana, merci de m&rsquo;accorder cette interview. Peux-tu te pr\u00e9senter \u00e0 nos lecteurs en quelques mots ? Salut Cl\u00e9ment ! J\u2019ai bient\u00f4t 21ans, je suis \u00e9tudiante en premi\u00e8re ann\u00e9e de kin\u00e9 sur Marseille et j\u2019habite pr\u00e8s de Toulon. Comment as-tu commenc\u00e9 \u00e0 t\u2019int\u00e9resser \u00e0 la photo ? J\u2019ai toujours \u00e9t\u00e9 int\u00e9ress\u00e9e de pr\u00e8s ou de loin \u00e0 la photo, et \u00e0 l\u2019art en plus g\u00e9n\u00e9ral (dessin, peinture\u2026). D\u00e8s mes&hellip;<\/p>\n","protected":false},"author":1,"featured_media":2301,"comment_status":"open","ping_status":"open","sticky":false,"template":"","format":"standard","meta":{"footnotes":""},"categories":[77],"tags":[137,100,133,134,135,99,136,138],"class_list":["post-839","post","type-post","status-publish","format-standard","has-post-thumbnail","hentry","category-photographie","tag-grossesse","tag-interview-2","tag-johana-marchand","tag-lingerie","tag-mode","tag-photo","tag-portrait","tag-toulon"],"yoast_head":"<!-- This site is optimized with the Yoast SEO plugin v27.4 - https:\/\/yoast.com\/product\/yoast-seo-wordpress\/ -->\n<title>Interview photo de Johana Marchand<\/title>\n<meta name=\"description\" content=\"D\u00e9couvrez l&#039;interview photo de Johana Marchand, originaire de Toulon, et passionn\u00e9e de photographie depuis son plus jeune \u00e2ge.\" \/>\n<meta name=\"robots\" content=\"index, follow, max-snippet:-1, max-image-preview:large, max-video-preview:-1\" \/>\n<link rel=\"canonical\" href=\"https:\/\/www.clementcombes.com\/blog\/interview-photo-de-johana-marchand\/\" \/>\n<meta name=\"twitter:card\" content=\"summary_large_image\" \/>\n<meta name=\"twitter:title\" content=\"Interview photo de Johana Marchand\" \/>\n<meta name=\"twitter:description\" content=\"D\u00e9couvrez l&#039;interview photo de Johana Marchand, originaire de Toulon, et passionn\u00e9e de photographie depuis son plus jeune \u00e2ge.\" \/>\n<meta name=\"twitter:image\" content=\"https:\/\/www.clementcombes.com\/blog\/wp-content\/uploads\/BanniereJohannaMarchand.jpg\" \/>\n<meta name=\"twitter:creator\" content=\"@clementcombes\" \/>\n<meta name=\"twitter:site\" content=\"@clementcombes\" \/>\n<meta name=\"twitter:label1\" content=\"\u00c9crit par\" \/>\n\t<meta name=\"twitter:data1\" content=\"Cl\u00e9ment\" \/>\n\t<meta name=\"twitter:label2\" content=\"Dur\u00e9e de lecture estim\u00e9e\" \/>\n\t<meta name=\"twitter:data2\" content=\"6 minutes\" \/>\n<script type=\"application\/ld+json\" class=\"yoast-schema-graph\">{\"@context\":\"https:\\\/\\\/schema.org\",\"@graph\":[{\"@type\":\"Article\",\"@id\":\"https:\\\/\\\/www.clementcombes.com\\\/blog\\\/interview-photo-de-johana-marchand\\\/#article\",\"isPartOf\":{\"@id\":\"https:\\\/\\\/www.clementcombes.com\\\/blog\\\/interview-photo-de-johana-marchand\\\/\"},\"author\":{\"name\":\"Cl\u00e9ment\",\"@id\":\"https:\\\/\\\/www.clementcombes.com\\\/blog\\\/#\\\/schema\\\/person\\\/a1ab48ea59cfb5c7eb572cded1ae4e64\"},\"headline\":\"Interview photo de Johana Marchand\",\"datePublished\":\"2012-02-29T19:37:26+00:00\",\"dateModified\":\"2019-11-04T23:03:07+00:00\",\"mainEntityOfPage\":{\"@id\":\"https:\\\/\\\/www.clementcombes.com\\\/blog\\\/interview-photo-de-johana-marchand\\\/\"},\"wordCount\":1252,\"commentCount\":5,\"image\":{\"@id\":\"https:\\\/\\\/www.clementcombes.com\\\/blog\\\/interview-photo-de-johana-marchand\\\/#primaryimage\"},\"thumbnailUrl\":\"https:\\\/\\\/www.clementcombes.com\\\/blog\\\/wp-content\\\/uploads\\\/BanniereJohannaMarchand.jpg\",\"keywords\":[\"grossesse\",\"interview\",\"johana marchand\",\"lingerie\",\"mode\",\"photo\",\"portrait\",\"toulon\"],\"articleSection\":[\"Photographie\"],\"inLanguage\":\"fr-FR\",\"potentialAction\":[{\"@type\":\"CommentAction\",\"name\":\"Comment\",\"target\":[\"https:\\\/\\\/www.clementcombes.com\\\/blog\\\/interview-photo-de-johana-marchand\\\/#respond\"]}]},{\"@type\":\"WebPage\",\"@id\":\"https:\\\/\\\/www.clementcombes.com\\\/blog\\\/interview-photo-de-johana-marchand\\\/\",\"url\":\"https:\\\/\\\/www.clementcombes.com\\\/blog\\\/interview-photo-de-johana-marchand\\\/\",\"name\":\"Interview photo de Johana Marchand\",\"isPartOf\":{\"@id\":\"https:\\\/\\\/www.clementcombes.com\\\/blog\\\/#website\"},\"primaryImageOfPage\":{\"@id\":\"https:\\\/\\\/www.clementcombes.com\\\/blog\\\/interview-photo-de-johana-marchand\\\/#primaryimage\"},\"image\":{\"@id\":\"https:\\\/\\\/www.clementcombes.com\\\/blog\\\/interview-photo-de-johana-marchand\\\/#primaryimage\"},\"thumbnailUrl\":\"https:\\\/\\\/www.clementcombes.com\\\/blog\\\/wp-content\\\/uploads\\\/BanniereJohannaMarchand.jpg\",\"datePublished\":\"2012-02-29T19:37:26+00:00\",\"dateModified\":\"2019-11-04T23:03:07+00:00\",\"author\":{\"@id\":\"https:\\\/\\\/www.clementcombes.com\\\/blog\\\/#\\\/schema\\\/person\\\/a1ab48ea59cfb5c7eb572cded1ae4e64\"},\"description\":\"D\u00e9couvrez l'interview photo de Johana Marchand, originaire de Toulon, et passionn\u00e9e de photographie depuis son plus jeune \u00e2ge.\",\"breadcrumb\":{\"@id\":\"https:\\\/\\\/www.clementcombes.com\\\/blog\\\/interview-photo-de-johana-marchand\\\/#breadcrumb\"},\"inLanguage\":\"fr-FR\",\"potentialAction\":[{\"@type\":\"ReadAction\",\"target\":[\"https:\\\/\\\/www.clementcombes.com\\\/blog\\\/interview-photo-de-johana-marchand\\\/\"]}]},{\"@type\":\"ImageObject\",\"inLanguage\":\"fr-FR\",\"@id\":\"https:\\\/\\\/www.clementcombes.com\\\/blog\\\/interview-photo-de-johana-marchand\\\/#primaryimage\",\"url\":\"https:\\\/\\\/www.clementcombes.com\\\/blog\\\/wp-content\\\/uploads\\\/BanniereJohannaMarchand.jpg\",\"contentUrl\":\"https:\\\/\\\/www.clementcombes.com\\\/blog\\\/wp-content\\\/uploads\\\/BanniereJohannaMarchand.jpg\",\"width\":839,\"height\":373},{\"@type\":\"BreadcrumbList\",\"@id\":\"https:\\\/\\\/www.clementcombes.com\\\/blog\\\/interview-photo-de-johana-marchand\\\/#breadcrumb\",\"itemListElement\":[{\"@type\":\"ListItem\",\"position\":1,\"name\":\"Accueil\",\"item\":\"https:\\\/\\\/www.clementcombes.com\\\/blog\\\/\"},{\"@type\":\"ListItem\",\"position\":2,\"name\":\"Interview photo de Johana Marchand\"}]},{\"@type\":\"WebSite\",\"@id\":\"https:\\\/\\\/www.clementcombes.com\\\/blog\\\/#website\",\"url\":\"https:\\\/\\\/www.clementcombes.com\\\/blog\\\/\",\"name\":\"Le Blog - Cl\u00e9ment Combes | Webmarketing &amp; Analytics\",\"description\":\"Retrouvez sur mon blog des articles autour des th\u00e9matiques webmarketing et webanalytics, ainsi que sur le monde du web en g\u00e9n\u00e9ral...\",\"potentialAction\":[{\"@type\":\"SearchAction\",\"target\":{\"@type\":\"EntryPoint\",\"urlTemplate\":\"https:\\\/\\\/www.clementcombes.com\\\/blog\\\/?s={search_term_string}\"},\"query-input\":{\"@type\":\"PropertyValueSpecification\",\"valueRequired\":true,\"valueName\":\"search_term_string\"}}],\"inLanguage\":\"fr-FR\"},{\"@type\":\"Person\",\"@id\":\"https:\\\/\\\/www.clementcombes.com\\\/blog\\\/#\\\/schema\\\/person\\\/a1ab48ea59cfb5c7eb572cded1ae4e64\",\"name\":\"Cl\u00e9ment\",\"image\":{\"@type\":\"ImageObject\",\"inLanguage\":\"fr-FR\",\"@id\":\"https:\\\/\\\/secure.gravatar.com\\\/avatar\\\/5b82c602f83c2201bc69f8f15493d8e68c7900030a5c038a63292cc3094014db?s=96&d=monsterid&r=g\",\"url\":\"https:\\\/\\\/secure.gravatar.com\\\/avatar\\\/5b82c602f83c2201bc69f8f15493d8e68c7900030a5c038a63292cc3094014db?s=96&d=monsterid&r=g\",\"contentUrl\":\"https:\\\/\\\/secure.gravatar.com\\\/avatar\\\/5b82c602f83c2201bc69f8f15493d8e68c7900030a5c038a63292cc3094014db?s=96&d=monsterid&r=g\",\"caption\":\"Cl\u00e9ment\"},\"sameAs\":[\"http:\\\/\\\/www.clementcombes.com\",\"clementcombes\",\"https:\\\/\\\/fr.linkedin.com\\\/in\\\/clementcombes\",\"https:\\\/\\\/x.com\\\/clementcombes\"]}]}<\/script>\n<!-- \/ Yoast SEO plugin. -->","yoast_head_json":{"title":"Interview photo de Johana Marchand","description":"D\u00e9couvrez l'interview photo de Johana Marchand, originaire de Toulon, et passionn\u00e9e de photographie depuis son plus jeune \u00e2ge.","robots":{"index":"index","follow":"follow","max-snippet":"max-snippet:-1","max-image-preview":"max-image-preview:large","max-video-preview":"max-video-preview:-1"},"canonical":"https:\/\/www.clementcombes.com\/blog\/interview-photo-de-johana-marchand\/","twitter_card":"summary_large_image","twitter_title":"Interview photo de Johana Marchand","twitter_description":"D\u00e9couvrez l'interview photo de Johana Marchand, originaire de Toulon, et passionn\u00e9e de photographie depuis son plus jeune \u00e2ge.","twitter_image":"https:\/\/www.clementcombes.com\/blog\/wp-content\/uploads\/BanniereJohannaMarchand.jpg","twitter_creator":"@clementcombes","twitter_site":"@clementcombes","twitter_misc":{"\u00c9crit par":"Cl\u00e9ment","Dur\u00e9e de lecture estim\u00e9e":"6 minutes"},"schema":{"@context":"https:\/\/schema.org","@graph":[{"@type":"Article","@id":"https:\/\/www.clementcombes.com\/blog\/interview-photo-de-johana-marchand\/#article","isPartOf":{"@id":"https:\/\/www.clementcombes.com\/blog\/interview-photo-de-johana-marchand\/"},"author":{"name":"Cl\u00e9ment","@id":"https:\/\/www.clementcombes.com\/blog\/#\/schema\/person\/a1ab48ea59cfb5c7eb572cded1ae4e64"},"headline":"Interview photo de Johana Marchand","datePublished":"2012-02-29T19:37:26+00:00","dateModified":"2019-11-04T23:03:07+00:00","mainEntityOfPage":{"@id":"https:\/\/www.clementcombes.com\/blog\/interview-photo-de-johana-marchand\/"},"wordCount":1252,"commentCount":5,"image":{"@id":"https:\/\/www.clementcombes.com\/blog\/interview-photo-de-johana-marchand\/#primaryimage"},"thumbnailUrl":"https:\/\/www.clementcombes.com\/blog\/wp-content\/uploads\/BanniereJohannaMarchand.jpg","keywords":["grossesse","interview","johana marchand","lingerie","mode","photo","portrait","toulon"],"articleSection":["Photographie"],"inLanguage":"fr-FR","potentialAction":[{"@type":"CommentAction","name":"Comment","target":["https:\/\/www.clementcombes.com\/blog\/interview-photo-de-johana-marchand\/#respond"]}]},{"@type":"WebPage","@id":"https:\/\/www.clementcombes.com\/blog\/interview-photo-de-johana-marchand\/","url":"https:\/\/www.clementcombes.com\/blog\/interview-photo-de-johana-marchand\/","name":"Interview photo de Johana Marchand","isPartOf":{"@id":"https:\/\/www.clementcombes.com\/blog\/#website"},"primaryImageOfPage":{"@id":"https:\/\/www.clementcombes.com\/blog\/interview-photo-de-johana-marchand\/#primaryimage"},"image":{"@id":"https:\/\/www.clementcombes.com\/blog\/interview-photo-de-johana-marchand\/#primaryimage"},"thumbnailUrl":"https:\/\/www.clementcombes.com\/blog\/wp-content\/uploads\/BanniereJohannaMarchand.jpg","datePublished":"2012-02-29T19:37:26+00:00","dateModified":"2019-11-04T23:03:07+00:00","author":{"@id":"https:\/\/www.clementcombes.com\/blog\/#\/schema\/person\/a1ab48ea59cfb5c7eb572cded1ae4e64"},"description":"D\u00e9couvrez l'interview photo de Johana Marchand, originaire de Toulon, et passionn\u00e9e de photographie depuis son plus jeune \u00e2ge.","breadcrumb":{"@id":"https:\/\/www.clementcombes.com\/blog\/interview-photo-de-johana-marchand\/#breadcrumb"},"inLanguage":"fr-FR","potentialAction":[{"@type":"ReadAction","target":["https:\/\/www.clementcombes.com\/blog\/interview-photo-de-johana-marchand\/"]}]},{"@type":"ImageObject","inLanguage":"fr-FR","@id":"https:\/\/www.clementcombes.com\/blog\/interview-photo-de-johana-marchand\/#primaryimage","url":"https:\/\/www.clementcombes.com\/blog\/wp-content\/uploads\/BanniereJohannaMarchand.jpg","contentUrl":"https:\/\/www.clementcombes.com\/blog\/wp-content\/uploads\/BanniereJohannaMarchand.jpg","width":839,"height":373},{"@type":"BreadcrumbList","@id":"https:\/\/www.clementcombes.com\/blog\/interview-photo-de-johana-marchand\/#breadcrumb","itemListElement":[{"@type":"ListItem","position":1,"name":"Accueil","item":"https:\/\/www.clementcombes.com\/blog\/"},{"@type":"ListItem","position":2,"name":"Interview photo de Johana Marchand"}]},{"@type":"WebSite","@id":"https:\/\/www.clementcombes.com\/blog\/#website","url":"https:\/\/www.clementcombes.com\/blog\/","name":"Le Blog - Cl\u00e9ment Combes | Webmarketing &amp; Analytics","description":"Retrouvez sur mon blog des articles autour des th\u00e9matiques webmarketing et webanalytics, ainsi que sur le monde du web en g\u00e9n\u00e9ral...","potentialAction":[{"@type":"SearchAction","target":{"@type":"EntryPoint","urlTemplate":"https:\/\/www.clementcombes.com\/blog\/?s={search_term_string}"},"query-input":{"@type":"PropertyValueSpecification","valueRequired":true,"valueName":"search_term_string"}}],"inLanguage":"fr-FR"},{"@type":"Person","@id":"https:\/\/www.clementcombes.com\/blog\/#\/schema\/person\/a1ab48ea59cfb5c7eb572cded1ae4e64","name":"Cl\u00e9ment","image":{"@type":"ImageObject","inLanguage":"fr-FR","@id":"https:\/\/secure.gravatar.com\/avatar\/5b82c602f83c2201bc69f8f15493d8e68c7900030a5c038a63292cc3094014db?s=96&d=monsterid&r=g","url":"https:\/\/secure.gravatar.com\/avatar\/5b82c602f83c2201bc69f8f15493d8e68c7900030a5c038a63292cc3094014db?s=96&d=monsterid&r=g","contentUrl":"https:\/\/secure.gravatar.com\/avatar\/5b82c602f83c2201bc69f8f15493d8e68c7900030a5c038a63292cc3094014db?s=96&d=monsterid&r=g","caption":"Cl\u00e9ment"},"sameAs":["http:\/\/www.clementcombes.com","clementcombes","https:\/\/fr.linkedin.com\/in\/clementcombes","https:\/\/x.com\/clementcombes"]}]}},"_links":{"self":[{"href":"https:\/\/www.clementcombes.com\/blog\/wp-json\/wp\/v2\/posts\/839","targetHints":{"allow":["GET"]}}],"collection":[{"href":"https:\/\/www.clementcombes.com\/blog\/wp-json\/wp\/v2\/posts"}],"about":[{"href":"https:\/\/www.clementcombes.com\/blog\/wp-json\/wp\/v2\/types\/post"}],"author":[{"embeddable":true,"href":"https:\/\/www.clementcombes.com\/blog\/wp-json\/wp\/v2\/users\/1"}],"replies":[{"embeddable":true,"href":"https:\/\/www.clementcombes.com\/blog\/wp-json\/wp\/v2\/comments?post=839"}],"version-history":[{"count":2,"href":"https:\/\/www.clementcombes.com\/blog\/wp-json\/wp\/v2\/posts\/839\/revisions"}],"predecessor-version":[{"id":3401,"href":"https:\/\/www.clementcombes.com\/blog\/wp-json\/wp\/v2\/posts\/839\/revisions\/3401"}],"wp:featuredmedia":[{"embeddable":true,"href":"https:\/\/www.clementcombes.com\/blog\/wp-json\/wp\/v2\/media\/2301"}],"wp:attachment":[{"href":"https:\/\/www.clementcombes.com\/blog\/wp-json\/wp\/v2\/media?parent=839"}],"wp:term":[{"taxonomy":"category","embeddable":true,"href":"https:\/\/www.clementcombes.com\/blog\/wp-json\/wp\/v2\/categories?post=839"},{"taxonomy":"post_tag","embeddable":true,"href":"https:\/\/www.clementcombes.com\/blog\/wp-json\/wp\/v2\/tags?post=839"}],"curies":[{"name":"wp","href":"https:\/\/api.w.org\/{rel}","templated":true}]}}