{"id":2788,"date":"2018-07-09T17:55:20","date_gmt":"2018-07-09T17:55:20","guid":{"rendered":"https:\/\/www.clementcombes.com\/blog\/?p=2788"},"modified":"2019-10-30T14:09:28","modified_gmt":"2019-10-30T14:09:28","slug":"instagram-revient-vers-un-fil-dactualite-chronologique","status":"publish","type":"post","link":"https:\/\/www.clementcombes.com\/blog\/instagram-revient-vers-un-fil-dactualite-chronologique\/","title":{"rendered":"Instagram revient vers un fil d&rsquo;actualit\u00e9 chronologique"},"content":{"rendered":"<p style=\"text-align: justify;\">Apr\u00e8s plusieurs tentatives (plut\u00f4t mal accueillies par la communaut\u00e9 d\u2019ailleurs) de fil d\u2019actualit\u00e9 \u00e0 base d\u2019algorithme, Instagram semble revenir doucement mais surement vers un fil d\u2019actualit\u00e9 chronologique. Vous ne devriez plus louper les publications de vos abonnements, comme c\u2019\u00e9tait malheureusement le cas depuis quelques mois\u2026 Instagram en revient donc aux basiques, pour le plus grand bonheur de ses utilisateurs.<\/p>\n<p style=\"text-align: justify;\">Un message s\u2019affiche m\u00eame pour vous pr\u00e9venir que vous avez bien visualis\u00e9 toutes les publications des deux derniers jours. Ce message vient se glisser entre 2 posts de votre fil d\u2019actualit\u00e9 pour vous annoncer que vous \u00eates \u00e0 jour :<\/p>\n<div id=\"attachment_2790\" style=\"width: 276px\" class=\"wp-caption alignleft\"><img loading=\"lazy\" decoding=\"async\" aria-describedby=\"caption-attachment-2790\" class=\"wp-image-2790\" src=\"https:\/\/www.clementcombes.com\/blog\/wp-content\/uploads\/Instagram_Caught_Up.png\" alt=\"\" width=\"266\" height=\"542\" srcset=\"https:\/\/www.clementcombes.com\/blog\/wp-content\/uploads\/Instagram_Caught_Up.png 503w, https:\/\/www.clementcombes.com\/blog\/wp-content\/uploads\/Instagram_Caught_Up-390x794.png 390w\" sizes=\"auto, (max-width: 266px) 100vw, 266px\" \/><p id=\"caption-attachment-2790\" class=\"wp-caption-text\">Instagram et son fil d&rsquo;actualit\u00e9<\/p><\/div>\n<p style=\"text-align: justify;\">Au-dessous de cette notification, vous retrouverez tout de m\u00eame le fil que vous aviez l\u2019habitude de voir ces derniers temps, effectuant un savant m\u00e9lange entre les vieilles publications et de tr\u00e8s r\u00e9centes.<\/p>\n<p style=\"text-align: justify;\">Cette nouvelle fonction permet donc de revenir en partie au fonctionnement historique d\u2019Instagram : un fil d&rsquo;actualit\u00e9 chronologique ! Ce fil vous permettant ainsi de ne pas louper les publications de ses abonnements ! Souvenez-vous, l\u2019algorithme bas\u00e9 sur les int\u00e9r\u00eats avait cr\u00e9\u00e9 <a href=\"https:\/\/www.google.fr\/search?&amp;q=changement+algorithme+instagram\">la pol\u00e9mique<\/a>, et de nombreux cr\u00e9ateurs de contenus en avaient m\u00eame appel\u00e9 au boycott de la plateforme. Ce classement secret \u00e9tait cens\u00e9 trier les publications pour faire ressortir en priorit\u00e9 les plus pertinentes pour vous : selon les int\u00e9r\u00eats mais aussi vos derni\u00e8res interactions. \u00c0 l&rsquo;usage, la plupart des utilisateurs n\u2019en \u00e9taient pas forc\u00e9ment convaincus\u2026<\/p>\n<p style=\"text-align: justify;\"><em>\u00ab\u00a0You\u2019re All Caught Up\u00a0\u00bb <\/em>est le petit nom de cette nouvelle fonctionnalit\u00e9, traduisez \u00ab\u00a0vous \u00eates \u00e0 jour\u00a0\u00bb. Sur la version fran\u00e7aise de l&rsquo;app, elle est disponible depuis le 2 juillet (iOS et Android).<\/p>\n<p style=\"text-align: justify;\">Et vous, vous \u00eates contents de cette nouvelle\u00a0? Ou vous vous \u00e9tiez peu \u00e0 peu fait \u00e0 l\u2019id\u00e9e du fil d\u2019actualit\u00e9\u00a0?<\/p>\n<p style=\"text-align: justify;\">Source : <a href=\"https:\/\/instagram-press.com\/blog\/2018\/07\/02\/introducing-youre-all-caught-up-in-feed\/\">service presse Instagram<\/a><\/p>\n<p>N\u2019h\u00e9sitez pas \u00e0 consulter les <a href=\"https:\/\/www.clementcombes.com\/blog\/category\/webmarketing\/\">autres articles<\/a> relatifs \u00e0 l\u2019univers du webmarketing !<\/p>\n","protected":false},"excerpt":{"rendered":"<p>Apr\u00e8s plusieurs tentatives (plut\u00f4t mal accueillies par la communaut\u00e9 d\u2019ailleurs) de fil d\u2019actualit\u00e9 \u00e0 base d\u2019algorithme, Instagram semble revenir doucement mais surement vers un fil d\u2019actualit\u00e9 chronologique. Vous ne devriez plus louper les publications de vos abonnements, comme c\u2019\u00e9tait malheureusement le cas depuis quelques mois\u2026 Instagram en revient donc aux basiques, pour le plus grand bonheur de ses utilisateurs. Un message s\u2019affiche m\u00eame pour vous pr\u00e9venir que vous avez bien visualis\u00e9 toutes les publications des deux derniers jours. Ce message vient se glisser entre&hellip;<\/p>\n","protected":false},"author":1,"featured_media":2798,"comment_status":"open","ping_status":"closed","sticky":false,"template":"","format":"standard","meta":{"footnotes":""},"categories":[336],"tags":[],"class_list":["post-2788","post","type-post","status-publish","format-standard","has-post-thumbnail","hentry","category-webmarketing"],"yoast_head":"<!-- This site is optimized with the Yoast SEO plugin v27.4 - https:\/\/yoast.com\/product\/yoast-seo-wordpress\/ -->\n<title>Instagram revient vers un fil d&#039;actualit\u00e9 chronologique<\/title>\n<meta name=\"description\" content=\"Instagram semble revenir vers un fil d\u2019actualit\u00e9 chronologique, avec une nouvelle fonctionnalit\u00e9 appel\u00e9e &quot;You\u2019re All Caught Up&quot;...\" \/>\n<meta name=\"robots\" content=\"index, follow, max-snippet:-1, max-image-preview:large, max-video-preview:-1\" \/>\n<link rel=\"canonical\" href=\"https:\/\/www.clementcombes.com\/blog\/instagram-revient-vers-un-fil-dactualite-chronologique\/\" \/>\n<meta name=\"twitter:card\" content=\"summary_large_image\" \/>\n<meta name=\"twitter:title\" content=\"Instagram revient vers un fil d&#039;actualit\u00e9 chronologique\" \/>\n<meta name=\"twitter:description\" content=\"Instagram semble revenir vers un fil d\u2019actualit\u00e9 chronologique, avec une nouvelle fonctionnalit\u00e9 appel\u00e9e &quot;You\u2019re All Caught Up&quot;...\" \/>\n<meta name=\"twitter:image\" content=\"https:\/\/www.clementcombes.com\/blog\/wp-content\/uploads\/Instagram_Caught_Up-1.png\" \/>\n<meta name=\"twitter:creator\" content=\"@clementcombes\" \/>\n<meta name=\"twitter:site\" content=\"@clementcombes\" \/>\n<meta name=\"twitter:label1\" content=\"\u00c9crit par\" \/>\n\t<meta name=\"twitter:data1\" content=\"Cl\u00e9ment\" \/>\n\t<meta name=\"twitter:label2\" content=\"Dur\u00e9e de lecture estim\u00e9e\" \/>\n\t<meta name=\"twitter:data2\" content=\"2 minutes\" \/>\n<script type=\"application\/ld+json\" class=\"yoast-schema-graph\">{\"@context\":\"https:\\\/\\\/schema.org\",\"@graph\":[{\"@type\":\"Article\",\"@id\":\"https:\\\/\\\/www.clementcombes.com\\\/blog\\\/instagram-revient-vers-un-fil-dactualite-chronologique\\\/#article\",\"isPartOf\":{\"@id\":\"https:\\\/\\\/www.clementcombes.com\\\/blog\\\/instagram-revient-vers-un-fil-dactualite-chronologique\\\/\"},\"author\":{\"name\":\"Cl\u00e9ment\",\"@id\":\"https:\\\/\\\/www.clementcombes.com\\\/blog\\\/#\\\/schema\\\/person\\\/a1ab48ea59cfb5c7eb572cded1ae4e64\"},\"headline\":\"Instagram revient vers un fil d&rsquo;actualit\u00e9 chronologique\",\"datePublished\":\"2018-07-09T17:55:20+00:00\",\"dateModified\":\"2019-10-30T14:09:28+00:00\",\"mainEntityOfPage\":{\"@id\":\"https:\\\/\\\/www.clementcombes.com\\\/blog\\\/instagram-revient-vers-un-fil-dactualite-chronologique\\\/\"},\"wordCount\":343,\"commentCount\":0,\"image\":{\"@id\":\"https:\\\/\\\/www.clementcombes.com\\\/blog\\\/instagram-revient-vers-un-fil-dactualite-chronologique\\\/#primaryimage\"},\"thumbnailUrl\":\"https:\\\/\\\/www.clementcombes.com\\\/blog\\\/wp-content\\\/uploads\\\/Instagram_Caught_Up-1.png\",\"articleSection\":[\"Webmarketing\"],\"inLanguage\":\"fr-FR\",\"potentialAction\":[{\"@type\":\"CommentAction\",\"name\":\"Comment\",\"target\":[\"https:\\\/\\\/www.clementcombes.com\\\/blog\\\/instagram-revient-vers-un-fil-dactualite-chronologique\\\/#respond\"]}]},{\"@type\":\"WebPage\",\"@id\":\"https:\\\/\\\/www.clementcombes.com\\\/blog\\\/instagram-revient-vers-un-fil-dactualite-chronologique\\\/\",\"url\":\"https:\\\/\\\/www.clementcombes.com\\\/blog\\\/instagram-revient-vers-un-fil-dactualite-chronologique\\\/\",\"name\":\"Instagram revient vers un fil d'actualit\u00e9 chronologique\",\"isPartOf\":{\"@id\":\"https:\\\/\\\/www.clementcombes.com\\\/blog\\\/#website\"},\"primaryImageOfPage\":{\"@id\":\"https:\\\/\\\/www.clementcombes.com\\\/blog\\\/instagram-revient-vers-un-fil-dactualite-chronologique\\\/#primaryimage\"},\"image\":{\"@id\":\"https:\\\/\\\/www.clementcombes.com\\\/blog\\\/instagram-revient-vers-un-fil-dactualite-chronologique\\\/#primaryimage\"},\"thumbnailUrl\":\"https:\\\/\\\/www.clementcombes.com\\\/blog\\\/wp-content\\\/uploads\\\/Instagram_Caught_Up-1.png\",\"datePublished\":\"2018-07-09T17:55:20+00:00\",\"dateModified\":\"2019-10-30T14:09:28+00:00\",\"author\":{\"@id\":\"https:\\\/\\\/www.clementcombes.com\\\/blog\\\/#\\\/schema\\\/person\\\/a1ab48ea59cfb5c7eb572cded1ae4e64\"},\"description\":\"Instagram semble revenir vers un fil d\u2019actualit\u00e9 chronologique, avec une nouvelle fonctionnalit\u00e9 appel\u00e9e \\\"You\u2019re All Caught Up\\\"...\",\"breadcrumb\":{\"@id\":\"https:\\\/\\\/www.clementcombes.com\\\/blog\\\/instagram-revient-vers-un-fil-dactualite-chronologique\\\/#breadcrumb\"},\"inLanguage\":\"fr-FR\",\"potentialAction\":[{\"@type\":\"ReadAction\",\"target\":[\"https:\\\/\\\/www.clementcombes.com\\\/blog\\\/instagram-revient-vers-un-fil-dactualite-chronologique\\\/\"]}]},{\"@type\":\"ImageObject\",\"inLanguage\":\"fr-FR\",\"@id\":\"https:\\\/\\\/www.clementcombes.com\\\/blog\\\/instagram-revient-vers-un-fil-dactualite-chronologique\\\/#primaryimage\",\"url\":\"https:\\\/\\\/www.clementcombes.com\\\/blog\\\/wp-content\\\/uploads\\\/Instagram_Caught_Up-1.png\",\"contentUrl\":\"https:\\\/\\\/www.clementcombes.com\\\/blog\\\/wp-content\\\/uploads\\\/Instagram_Caught_Up-1.png\",\"width\":503,\"height\":212},{\"@type\":\"BreadcrumbList\",\"@id\":\"https:\\\/\\\/www.clementcombes.com\\\/blog\\\/instagram-revient-vers-un-fil-dactualite-chronologique\\\/#breadcrumb\",\"itemListElement\":[{\"@type\":\"ListItem\",\"position\":1,\"name\":\"Accueil\",\"item\":\"https:\\\/\\\/www.clementcombes.com\\\/blog\\\/\"},{\"@type\":\"ListItem\",\"position\":2,\"name\":\"Instagram revient vers un fil d&rsquo;actualit\u00e9 chronologique\"}]},{\"@type\":\"WebSite\",\"@id\":\"https:\\\/\\\/www.clementcombes.com\\\/blog\\\/#website\",\"url\":\"https:\\\/\\\/www.clementcombes.com\\\/blog\\\/\",\"name\":\"Le Blog - Cl\u00e9ment Combes | Webmarketing &amp; Analytics\",\"description\":\"Retrouvez sur mon blog des articles autour des th\u00e9matiques webmarketing et webanalytics, ainsi que sur le monde du web en g\u00e9n\u00e9ral...\",\"potentialAction\":[{\"@type\":\"SearchAction\",\"target\":{\"@type\":\"EntryPoint\",\"urlTemplate\":\"https:\\\/\\\/www.clementcombes.com\\\/blog\\\/?s={search_term_string}\"},\"query-input\":{\"@type\":\"PropertyValueSpecification\",\"valueRequired\":true,\"valueName\":\"search_term_string\"}}],\"inLanguage\":\"fr-FR\"},{\"@type\":\"Person\",\"@id\":\"https:\\\/\\\/www.clementcombes.com\\\/blog\\\/#\\\/schema\\\/person\\\/a1ab48ea59cfb5c7eb572cded1ae4e64\",\"name\":\"Cl\u00e9ment\",\"image\":{\"@type\":\"ImageObject\",\"inLanguage\":\"fr-FR\",\"@id\":\"https:\\\/\\\/secure.gravatar.com\\\/avatar\\\/5b82c602f83c2201bc69f8f15493d8e68c7900030a5c038a63292cc3094014db?s=96&d=monsterid&r=g\",\"url\":\"https:\\\/\\\/secure.gravatar.com\\\/avatar\\\/5b82c602f83c2201bc69f8f15493d8e68c7900030a5c038a63292cc3094014db?s=96&d=monsterid&r=g\",\"contentUrl\":\"https:\\\/\\\/secure.gravatar.com\\\/avatar\\\/5b82c602f83c2201bc69f8f15493d8e68c7900030a5c038a63292cc3094014db?s=96&d=monsterid&r=g\",\"caption\":\"Cl\u00e9ment\"},\"sameAs\":[\"http:\\\/\\\/www.clementcombes.com\",\"clementcombes\",\"https:\\\/\\\/fr.linkedin.com\\\/in\\\/clementcombes\",\"https:\\\/\\\/x.com\\\/clementcombes\"]}]}<\/script>\n<!-- \/ Yoast SEO plugin. -->","yoast_head_json":{"title":"Instagram revient vers un fil d'actualit\u00e9 chronologique","description":"Instagram semble revenir vers un fil d\u2019actualit\u00e9 chronologique, avec une nouvelle fonctionnalit\u00e9 appel\u00e9e \"You\u2019re All Caught Up\"...","robots":{"index":"index","follow":"follow","max-snippet":"max-snippet:-1","max-image-preview":"max-image-preview:large","max-video-preview":"max-video-preview:-1"},"canonical":"https:\/\/www.clementcombes.com\/blog\/instagram-revient-vers-un-fil-dactualite-chronologique\/","twitter_card":"summary_large_image","twitter_title":"Instagram revient vers un fil d'actualit\u00e9 chronologique","twitter_description":"Instagram semble revenir vers un fil d\u2019actualit\u00e9 chronologique, avec une nouvelle fonctionnalit\u00e9 appel\u00e9e \"You\u2019re All Caught Up\"...","twitter_image":"https:\/\/www.clementcombes.com\/blog\/wp-content\/uploads\/Instagram_Caught_Up-1.png","twitter_creator":"@clementcombes","twitter_site":"@clementcombes","twitter_misc":{"\u00c9crit par":"Cl\u00e9ment","Dur\u00e9e de lecture estim\u00e9e":"2 minutes"},"schema":{"@context":"https:\/\/schema.org","@graph":[{"@type":"Article","@id":"https:\/\/www.clementcombes.com\/blog\/instagram-revient-vers-un-fil-dactualite-chronologique\/#article","isPartOf":{"@id":"https:\/\/www.clementcombes.com\/blog\/instagram-revient-vers-un-fil-dactualite-chronologique\/"},"author":{"name":"Cl\u00e9ment","@id":"https:\/\/www.clementcombes.com\/blog\/#\/schema\/person\/a1ab48ea59cfb5c7eb572cded1ae4e64"},"headline":"Instagram revient vers un fil d&rsquo;actualit\u00e9 chronologique","datePublished":"2018-07-09T17:55:20+00:00","dateModified":"2019-10-30T14:09:28+00:00","mainEntityOfPage":{"@id":"https:\/\/www.clementcombes.com\/blog\/instagram-revient-vers-un-fil-dactualite-chronologique\/"},"wordCount":343,"commentCount":0,"image":{"@id":"https:\/\/www.clementcombes.com\/blog\/instagram-revient-vers-un-fil-dactualite-chronologique\/#primaryimage"},"thumbnailUrl":"https:\/\/www.clementcombes.com\/blog\/wp-content\/uploads\/Instagram_Caught_Up-1.png","articleSection":["Webmarketing"],"inLanguage":"fr-FR","potentialAction":[{"@type":"CommentAction","name":"Comment","target":["https:\/\/www.clementcombes.com\/blog\/instagram-revient-vers-un-fil-dactualite-chronologique\/#respond"]}]},{"@type":"WebPage","@id":"https:\/\/www.clementcombes.com\/blog\/instagram-revient-vers-un-fil-dactualite-chronologique\/","url":"https:\/\/www.clementcombes.com\/blog\/instagram-revient-vers-un-fil-dactualite-chronologique\/","name":"Instagram revient vers un fil d'actualit\u00e9 chronologique","isPartOf":{"@id":"https:\/\/www.clementcombes.com\/blog\/#website"},"primaryImageOfPage":{"@id":"https:\/\/www.clementcombes.com\/blog\/instagram-revient-vers-un-fil-dactualite-chronologique\/#primaryimage"},"image":{"@id":"https:\/\/www.clementcombes.com\/blog\/instagram-revient-vers-un-fil-dactualite-chronologique\/#primaryimage"},"thumbnailUrl":"https:\/\/www.clementcombes.com\/blog\/wp-content\/uploads\/Instagram_Caught_Up-1.png","datePublished":"2018-07-09T17:55:20+00:00","dateModified":"2019-10-30T14:09:28+00:00","author":{"@id":"https:\/\/www.clementcombes.com\/blog\/#\/schema\/person\/a1ab48ea59cfb5c7eb572cded1ae4e64"},"description":"Instagram semble revenir vers un fil d\u2019actualit\u00e9 chronologique, avec une nouvelle fonctionnalit\u00e9 appel\u00e9e \"You\u2019re All Caught Up\"...","breadcrumb":{"@id":"https:\/\/www.clementcombes.com\/blog\/instagram-revient-vers-un-fil-dactualite-chronologique\/#breadcrumb"},"inLanguage":"fr-FR","potentialAction":[{"@type":"ReadAction","target":["https:\/\/www.clementcombes.com\/blog\/instagram-revient-vers-un-fil-dactualite-chronologique\/"]}]},{"@type":"ImageObject","inLanguage":"fr-FR","@id":"https:\/\/www.clementcombes.com\/blog\/instagram-revient-vers-un-fil-dactualite-chronologique\/#primaryimage","url":"https:\/\/www.clementcombes.com\/blog\/wp-content\/uploads\/Instagram_Caught_Up-1.png","contentUrl":"https:\/\/www.clementcombes.com\/blog\/wp-content\/uploads\/Instagram_Caught_Up-1.png","width":503,"height":212},{"@type":"BreadcrumbList","@id":"https:\/\/www.clementcombes.com\/blog\/instagram-revient-vers-un-fil-dactualite-chronologique\/#breadcrumb","itemListElement":[{"@type":"ListItem","position":1,"name":"Accueil","item":"https:\/\/www.clementcombes.com\/blog\/"},{"@type":"ListItem","position":2,"name":"Instagram revient vers un fil d&rsquo;actualit\u00e9 chronologique"}]},{"@type":"WebSite","@id":"https:\/\/www.clementcombes.com\/blog\/#website","url":"https:\/\/www.clementcombes.com\/blog\/","name":"Le Blog - Cl\u00e9ment Combes | Webmarketing &amp; Analytics","description":"Retrouvez sur mon blog des articles autour des th\u00e9matiques webmarketing et webanalytics, ainsi que sur le monde du web en g\u00e9n\u00e9ral...","potentialAction":[{"@type":"SearchAction","target":{"@type":"EntryPoint","urlTemplate":"https:\/\/www.clementcombes.com\/blog\/?s={search_term_string}"},"query-input":{"@type":"PropertyValueSpecification","valueRequired":true,"valueName":"search_term_string"}}],"inLanguage":"fr-FR"},{"@type":"Person","@id":"https:\/\/www.clementcombes.com\/blog\/#\/schema\/person\/a1ab48ea59cfb5c7eb572cded1ae4e64","name":"Cl\u00e9ment","image":{"@type":"ImageObject","inLanguage":"fr-FR","@id":"https:\/\/secure.gravatar.com\/avatar\/5b82c602f83c2201bc69f8f15493d8e68c7900030a5c038a63292cc3094014db?s=96&d=monsterid&r=g","url":"https:\/\/secure.gravatar.com\/avatar\/5b82c602f83c2201bc69f8f15493d8e68c7900030a5c038a63292cc3094014db?s=96&d=monsterid&r=g","contentUrl":"https:\/\/secure.gravatar.com\/avatar\/5b82c602f83c2201bc69f8f15493d8e68c7900030a5c038a63292cc3094014db?s=96&d=monsterid&r=g","caption":"Cl\u00e9ment"},"sameAs":["http:\/\/www.clementcombes.com","clementcombes","https:\/\/fr.linkedin.com\/in\/clementcombes","https:\/\/x.com\/clementcombes"]}]}},"_links":{"self":[{"href":"https:\/\/www.clementcombes.com\/blog\/wp-json\/wp\/v2\/posts\/2788","targetHints":{"allow":["GET"]}}],"collection":[{"href":"https:\/\/www.clementcombes.com\/blog\/wp-json\/wp\/v2\/posts"}],"about":[{"href":"https:\/\/www.clementcombes.com\/blog\/wp-json\/wp\/v2\/types\/post"}],"author":[{"embeddable":true,"href":"https:\/\/www.clementcombes.com\/blog\/wp-json\/wp\/v2\/users\/1"}],"replies":[{"embeddable":true,"href":"https:\/\/www.clementcombes.com\/blog\/wp-json\/wp\/v2\/comments?post=2788"}],"version-history":[{"count":0,"href":"https:\/\/www.clementcombes.com\/blog\/wp-json\/wp\/v2\/posts\/2788\/revisions"}],"wp:featuredmedia":[{"embeddable":true,"href":"https:\/\/www.clementcombes.com\/blog\/wp-json\/wp\/v2\/media\/2798"}],"wp:attachment":[{"href":"https:\/\/www.clementcombes.com\/blog\/wp-json\/wp\/v2\/media?parent=2788"}],"wp:term":[{"taxonomy":"category","embeddable":true,"href":"https:\/\/www.clementcombes.com\/blog\/wp-json\/wp\/v2\/categories?post=2788"},{"taxonomy":"post_tag","embeddable":true,"href":"https:\/\/www.clementcombes.com\/blog\/wp-json\/wp\/v2\/tags?post=2788"}],"curies":[{"name":"wp","href":"https:\/\/api.w.org\/{rel}","templated":true}]}}